{"id":14978,"date":"2022-10-04T10:24:02","date_gmt":"2022-10-04T08:24:02","guid":{"rendered":"https:\/\/www.farofuturo.it\/?p=14978"},"modified":"2025-10-29T10:10:24","modified_gmt":"2025-10-29T10:10:24","slug":"faro-futuro-welcomes-the-new-fiera-del-levante-in-bari-from-14-october-2022","status":"publish","type":"post","link":"https:\/\/www.farofuturo.it\/en\/faro-futuro-da-il-benvenuto-alla-nuova-fiera-del-levante-a-bari-dal-14-ottobre-2022\/","title":{"rendered":"Faro Futuro welcomes the New Fiera del Levante: in Bari from 14 October 2022!"},"content":{"rendered":"<p>We are delighted to welcome the 2022 edition of the New Fiera del Levante, which will take place close to our Coworking Flexible Office Centre \u201cFaro Futuro\u201d.<\/p>\n\n\n\n<p>The economic and professional ecosystem of our city - as well as that of the region and, in a broader sense, also that of the country - has always seen in the Fiera del Levante a very important moment of development, comparison and contamination.<\/p>\n\n\n\n<p>These are precisely the issues on which we at Faro Futuro, together with our community of companies and professionals, work tirelessly every day.<\/p>\n\n\n\n<p>It is indeed the order of the day for us to see the most disparate professionals - from high-level consultants to young freelancers - virtuously contaminating their working days with mutual information, through the networking approach that unites all the users of our spaces, here in Via Massaua 18 in Bari.<\/p>\n\n\n\n<p>It is in this spirit that we welcome operators and visitors to the New Fiera del Levante 2022: a spirit of openness and growth, in a logic of virtuously connected networks. <\/p>\n\n\n\n<p>Good work everyone! <\/p>\n\n\n\n<figure class=\"wp-block-image size-full\"><img fetchpriority=\"high\" decoding=\"async\" width=\"886\" height=\"590\" src=\"https:\/\/www.farofuturo.it\/wp-content\/uploads\/2022\/10\/coworking-faro-futuro-fiera-levante.png\" alt=\"\" class=\"wp-image-14979\" srcset=\"https:\/\/www.farofuturo.it\/wp-content\/uploads\/2022\/10\/coworking-faro-futuro-fiera-levante.png 886w, https:\/\/www.farofuturo.it\/wp-content\/uploads\/2022\/10\/coworking-faro-futuro-fiera-levante-300x200.png 300w, https:\/\/www.farofuturo.it\/wp-content\/uploads\/2022\/10\/coworking-faro-futuro-fiera-levante-768x511.png 768w\" sizes=\"(max-width: 886px) 100vw, 886px\" \/><\/figure>","protected":false},"excerpt":{"rendered":"<p>Siamo lieti di dare il nostro benvenuto all&#8217;edizione 2022 della Nuova Fiera del Levante, che si svolger\u00e0 a poca distanza dal nostro centro di uffici flessibili in Coworking &#8220;Faro Futuro&#8221;. L&#8217;ecosistema economico e professionale della nostra citt\u00e0 &#8211; cos\u00ec come quello della Regione e in senso pi\u00f9 ampio anche quello nazionale &#8211; vede da sempre [&hellip;]<\/p>\n","protected":false},"author":1,"featured_media":14979,"comment_status":"closed","ping_status":"closed","sticky":false,"template":"","format":"standard","meta":{"footnotes":""},"categories":[19,17],"tags":[],"class_list":["post-14978","post","type-post","status-publish","format-standard","has-post-thumbnail","hentry","category-eventi","category-news"],"blocksy_meta":[],"yoast_head":"<!-- This site is optimized with the Yoast SEO plugin v27.4 - https:\/\/yoast.com\/product\/yoast-seo-wordpress\/ -->\n<title>Faro Futuro d\u00e0 il benvenuto alla Nuova Fiera del Levante: a Bari dal 14 ottobre 2022! - Faro Futuro Coworking Bari<\/title>\n<meta name=\"description\" content=\"Faro Futuro d\u00e0 il benvenuto alla Nuova Fiera del Levante: a Bari dal 14 ottobre 2022! - Faro Futuro Coworking Bari\" \/>\n<meta name=\"robots\" content=\"index, follow, max-snippet:-1, max-image-preview:large, max-video-preview:-1\" \/>\n<link rel=\"canonical\" href=\"https:\/\/www.farofuturo.it\/en\/faro-futuro-welcomes-the-new-fiera-del-levante-in-bari-from-14-october-2022\/\" \/>\n<meta property=\"og:locale\" content=\"en_GB\" \/>\n<meta property=\"og:type\" content=\"article\" \/>\n<meta property=\"og:title\" content=\"Faro Futuro d\u00e0 il benvenuto alla Nuova Fiera del Levante: a Bari dal 14 ottobre 2022! - Faro Futuro Coworking Bari\" \/>\n<meta property=\"og:description\" content=\"Faro Futuro d\u00e0 il benvenuto alla Nuova Fiera del Levante: a Bari dal 14 ottobre 2022! - Faro Futuro Coworking Bari\" \/>\n<meta property=\"og:url\" content=\"https:\/\/www.farofuturo.it\/en\/faro-futuro-welcomes-the-new-fiera-del-levante-in-bari-from-14-october-2022\/\" \/>\n<meta property=\"og:site_name\" content=\"Faro Futuro Coworking Bari\" \/>\n<meta property=\"article:publisher\" content=\"https:\/\/www.facebook.com\/FaroFuturo\" \/>\n<meta property=\"article:published_time\" content=\"2022-10-04T08:24:02+00:00\" \/>\n<meta property=\"article:modified_time\" content=\"2025-10-29T10:10:24+00:00\" \/>\n<meta property=\"og:image\" content=\"https:\/\/www.farofuturo.it\/wp-content\/uploads\/2022\/10\/coworking-faro-futuro-fiera-levante.png\" \/>\n\t<meta property=\"og:image:width\" content=\"886\" \/>\n\t<meta property=\"og:image:height\" content=\"590\" \/>\n\t<meta property=\"og:image:type\" content=\"image\/png\" \/>\n<meta name=\"author\" content=\"Paolo\" \/>\n<meta name=\"twitter:card\" content=\"summary_large_image\" \/>\n<meta name=\"twitter:label1\" content=\"Written by\" \/>\n\t<meta name=\"twitter:data1\" content=\"Paolo\" \/>\n\t<meta name=\"twitter:label2\" content=\"Estimated reading time\" \/>\n\t<meta name=\"twitter:data2\" content=\"2 minutes\" \/>\n<script type=\"application\/ld+json\" class=\"yoast-schema-graph\">{\"@context\":\"https:\\\/\\\/schema.org\",\"@graph\":[{\"@type\":\"Article\",\"@id\":\"https:\\\/\\\/www.farofuturo.it\\\/faro-futuro-da-il-benvenuto-alla-nuova-fiera-del-levante-a-bari-dal-14-ottobre-2022\\\/#article\",\"isPartOf\":{\"@id\":\"https:\\\/\\\/www.farofuturo.it\\\/faro-futuro-da-il-benvenuto-alla-nuova-fiera-del-levante-a-bari-dal-14-ottobre-2022\\\/\"},\"author\":{\"name\":\"Paolo\",\"@id\":\"https:\\\/\\\/www.farofuturo.it\\\/#\\\/schema\\\/person\\\/88f4f1ae602c652a22d183a62f2f1bf2\"},\"headline\":\"Faro Futuro d\u00e0 il benvenuto alla Nuova Fiera del Levante: a Bari dal 14 ottobre 2022!\",\"datePublished\":\"2022-10-04T08:24:02+00:00\",\"dateModified\":\"2025-10-29T10:10:24+00:00\",\"mainEntityOfPage\":{\"@id\":\"https:\\\/\\\/www.farofuturo.it\\\/faro-futuro-da-il-benvenuto-alla-nuova-fiera-del-levante-a-bari-dal-14-ottobre-2022\\\/\"},\"wordCount\":189,\"publisher\":{\"@id\":\"https:\\\/\\\/www.farofuturo.it\\\/#organization\"},\"image\":{\"@id\":\"https:\\\/\\\/www.farofuturo.it\\\/faro-futuro-da-il-benvenuto-alla-nuova-fiera-del-levante-a-bari-dal-14-ottobre-2022\\\/#primaryimage\"},\"thumbnailUrl\":\"https:\\\/\\\/www.farofuturo.it\\\/wp-content\\\/uploads\\\/2022\\\/10\\\/coworking-faro-futuro-fiera-levante.png\",\"articleSection\":[\"Eventi\",\"News\"],\"inLanguage\":\"en-GB\"},{\"@type\":\"WebPage\",\"@id\":\"https:\\\/\\\/www.farofuturo.it\\\/faro-futuro-da-il-benvenuto-alla-nuova-fiera-del-levante-a-bari-dal-14-ottobre-2022\\\/\",\"url\":\"https:\\\/\\\/www.farofuturo.it\\\/faro-futuro-da-il-benvenuto-alla-nuova-fiera-del-levante-a-bari-dal-14-ottobre-2022\\\/\",\"name\":\"Faro Futuro d\u00e0 il benvenuto alla Nuova Fiera del Levante: a Bari dal 14 ottobre 2022! - Faro Futuro Coworking Bari\",\"isPartOf\":{\"@id\":\"https:\\\/\\\/www.farofuturo.it\\\/#website\"},\"primaryImageOfPage\":{\"@id\":\"https:\\\/\\\/www.farofuturo.it\\\/faro-futuro-da-il-benvenuto-alla-nuova-fiera-del-levante-a-bari-dal-14-ottobre-2022\\\/#primaryimage\"},\"image\":{\"@id\":\"https:\\\/\\\/www.farofuturo.it\\\/faro-futuro-da-il-benvenuto-alla-nuova-fiera-del-levante-a-bari-dal-14-ottobre-2022\\\/#primaryimage\"},\"thumbnailUrl\":\"https:\\\/\\\/www.farofuturo.it\\\/wp-content\\\/uploads\\\/2022\\\/10\\\/coworking-faro-futuro-fiera-levante.png\",\"datePublished\":\"2022-10-04T08:24:02+00:00\",\"dateModified\":\"2025-10-29T10:10:24+00:00\",\"description\":\"Faro Futuro d\u00e0 il benvenuto alla Nuova Fiera del Levante: a Bari dal 14 ottobre 2022! - Faro Futuro Coworking Bari\",\"breadcrumb\":{\"@id\":\"https:\\\/\\\/www.farofuturo.it\\\/faro-futuro-da-il-benvenuto-alla-nuova-fiera-del-levante-a-bari-dal-14-ottobre-2022\\\/#breadcrumb\"},\"inLanguage\":\"en-GB\",\"potentialAction\":[{\"@type\":\"ReadAction\",\"target\":[\"https:\\\/\\\/www.farofuturo.it\\\/faro-futuro-da-il-benvenuto-alla-nuova-fiera-del-levante-a-bari-dal-14-ottobre-2022\\\/\"]}]},{\"@type\":\"ImageObject\",\"inLanguage\":\"en-GB\",\"@id\":\"https:\\\/\\\/www.farofuturo.it\\\/faro-futuro-da-il-benvenuto-alla-nuova-fiera-del-levante-a-bari-dal-14-ottobre-2022\\\/#primaryimage\",\"url\":\"https:\\\/\\\/www.farofuturo.it\\\/wp-content\\\/uploads\\\/2022\\\/10\\\/coworking-faro-futuro-fiera-levante.png\",\"contentUrl\":\"https:\\\/\\\/www.farofuturo.it\\\/wp-content\\\/uploads\\\/2022\\\/10\\\/coworking-faro-futuro-fiera-levante.png\",\"width\":886,\"height\":590},{\"@type\":\"BreadcrumbList\",\"@id\":\"https:\\\/\\\/www.farofuturo.it\\\/faro-futuro-da-il-benvenuto-alla-nuova-fiera-del-levante-a-bari-dal-14-ottobre-2022\\\/#breadcrumb\",\"itemListElement\":[{\"@type\":\"ListItem\",\"position\":1,\"name\":\"Home\",\"item\":\"https:\\\/\\\/www.farofuturo.it\\\/\"},{\"@type\":\"ListItem\",\"position\":2,\"name\":\"Faro Futuro d\u00e0 il benvenuto alla Nuova Fiera del Levante: a Bari dal 14 ottobre 2022!\"}]},{\"@type\":\"WebSite\",\"@id\":\"https:\\\/\\\/www.farofuturo.it\\\/#website\",\"url\":\"https:\\\/\\\/www.farofuturo.it\\\/\",\"name\":\"Faro Futuro Bari\",\"description\":\"Il punto di riferimento per il coworking professionale a Bari.\",\"publisher\":{\"@id\":\"https:\\\/\\\/www.farofuturo.it\\\/#organization\"},\"alternateName\":\"Spazi di lavoro, uffici e coworking a Bari: tecnologia, comfort e flessibilit\u00e0 per il tuo business.\",\"potentialAction\":[{\"@type\":\"SearchAction\",\"target\":{\"@type\":\"EntryPoint\",\"urlTemplate\":\"https:\\\/\\\/www.farofuturo.it\\\/?s={search_term_string}\"},\"query-input\":{\"@type\":\"PropertyValueSpecification\",\"valueRequired\":true,\"valueName\":\"search_term_string\"}}],\"inLanguage\":\"en-GB\"},{\"@type\":\"Organization\",\"@id\":\"https:\\\/\\\/www.farofuturo.it\\\/#organization\",\"name\":\"Faro Futuro Bari\",\"alternateName\":\"Spazi di lavoro, uffici e coworking a Bari: tecnologia, comfort e flessibilit\u00e0 per il tuo business.\",\"url\":\"https:\\\/\\\/www.farofuturo.it\\\/\",\"logo\":{\"@type\":\"ImageObject\",\"inLanguage\":\"en-GB\",\"@id\":\"https:\\\/\\\/www.farofuturo.it\\\/#\\\/schema\\\/logo\\\/image\\\/\",\"url\":\"https:\\\/\\\/www.farofuturo.it\\\/wp-content\\\/uploads\\\/2025\\\/10\\\/FARO-FUTURO-logo-colore-diffusione.png\",\"contentUrl\":\"https:\\\/\\\/www.farofuturo.it\\\/wp-content\\\/uploads\\\/2025\\\/10\\\/FARO-FUTURO-logo-colore-diffusione.png\",\"width\":520,\"height\":520,\"caption\":\"Faro Futuro Bari\"},\"image\":{\"@id\":\"https:\\\/\\\/www.farofuturo.it\\\/#\\\/schema\\\/logo\\\/image\\\/\"},\"sameAs\":[\"https:\\\/\\\/www.facebook.com\\\/FaroFuturo\"]},{\"@type\":\"Person\",\"@id\":\"https:\\\/\\\/www.farofuturo.it\\\/#\\\/schema\\\/person\\\/88f4f1ae602c652a22d183a62f2f1bf2\",\"name\":\"Paolo\",\"sameAs\":[\"https:\\\/\\\/www.farofuturo.it\"]}]}<\/script>\n<!-- \/ Yoast SEO plugin. -->","yoast_head_json":{"title":"Faro Futuro welcomes the New Fiera del Levante: in Bari from 14 October 2022! - Faro Futuro Coworking Bari","description":"Faro Futuro welcomes the New Fiera del Levante: in Bari from 14 October 2022! - Faro Futuro Coworking Bari","robots":{"index":"index","follow":"follow","max-snippet":"max-snippet:-1","max-image-preview":"max-image-preview:large","max-video-preview":"max-video-preview:-1"},"canonical":"https:\/\/www.farofuturo.it\/en\/faro-futuro-welcomes-the-new-fiera-del-levante-in-bari-from-14-october-2022\/","og_locale":"en_GB","og_type":"article","og_title":"Faro Futuro d\u00e0 il benvenuto alla Nuova Fiera del Levante: a Bari dal 14 ottobre 2022! - Faro Futuro Coworking Bari","og_description":"Faro Futuro d\u00e0 il benvenuto alla Nuova Fiera del Levante: a Bari dal 14 ottobre 2022! - Faro Futuro Coworking Bari","og_url":"https:\/\/www.farofuturo.it\/en\/faro-futuro-welcomes-the-new-fiera-del-levante-in-bari-from-14-october-2022\/","og_site_name":"Faro Futuro Coworking Bari","article_publisher":"https:\/\/www.facebook.com\/FaroFuturo","article_published_time":"2022-10-04T08:24:02+00:00","article_modified_time":"2025-10-29T10:10:24+00:00","og_image":[{"width":886,"height":590,"url":"https:\/\/www.farofuturo.it\/wp-content\/uploads\/2022\/10\/coworking-faro-futuro-fiera-levante.png","type":"image\/png"}],"author":"Paolo","twitter_card":"summary_large_image","twitter_misc":{"Written by":"Paolo","Estimated reading time":"2 minutes"},"schema":{"@context":"https:\/\/schema.org","@graph":[{"@type":"Article","@id":"https:\/\/www.farofuturo.it\/faro-futuro-da-il-benvenuto-alla-nuova-fiera-del-levante-a-bari-dal-14-ottobre-2022\/#article","isPartOf":{"@id":"https:\/\/www.farofuturo.it\/faro-futuro-da-il-benvenuto-alla-nuova-fiera-del-levante-a-bari-dal-14-ottobre-2022\/"},"author":{"name":"Paolo","@id":"https:\/\/www.farofuturo.it\/#\/schema\/person\/88f4f1ae602c652a22d183a62f2f1bf2"},"headline":"Faro Futuro d\u00e0 il benvenuto alla Nuova Fiera del Levante: a Bari dal 14 ottobre 2022!","datePublished":"2022-10-04T08:24:02+00:00","dateModified":"2025-10-29T10:10:24+00:00","mainEntityOfPage":{"@id":"https:\/\/www.farofuturo.it\/faro-futuro-da-il-benvenuto-alla-nuova-fiera-del-levante-a-bari-dal-14-ottobre-2022\/"},"wordCount":189,"publisher":{"@id":"https:\/\/www.farofuturo.it\/#organization"},"image":{"@id":"https:\/\/www.farofuturo.it\/faro-futuro-da-il-benvenuto-alla-nuova-fiera-del-levante-a-bari-dal-14-ottobre-2022\/#primaryimage"},"thumbnailUrl":"https:\/\/www.farofuturo.it\/wp-content\/uploads\/2022\/10\/coworking-faro-futuro-fiera-levante.png","articleSection":["Eventi","News"],"inLanguage":"en-GB"},{"@type":"WebPage","@id":"https:\/\/www.farofuturo.it\/faro-futuro-da-il-benvenuto-alla-nuova-fiera-del-levante-a-bari-dal-14-ottobre-2022\/","url":"https:\/\/www.farofuturo.it\/faro-futuro-da-il-benvenuto-alla-nuova-fiera-del-levante-a-bari-dal-14-ottobre-2022\/","name":"Faro Futuro welcomes the New Fiera del Levante: in Bari from 14 October 2022! - Faro Futuro Coworking Bari","isPartOf":{"@id":"https:\/\/www.farofuturo.it\/#website"},"primaryImageOfPage":{"@id":"https:\/\/www.farofuturo.it\/faro-futuro-da-il-benvenuto-alla-nuova-fiera-del-levante-a-bari-dal-14-ottobre-2022\/#primaryimage"},"image":{"@id":"https:\/\/www.farofuturo.it\/faro-futuro-da-il-benvenuto-alla-nuova-fiera-del-levante-a-bari-dal-14-ottobre-2022\/#primaryimage"},"thumbnailUrl":"https:\/\/www.farofuturo.it\/wp-content\/uploads\/2022\/10\/coworking-faro-futuro-fiera-levante.png","datePublished":"2022-10-04T08:24:02+00:00","dateModified":"2025-10-29T10:10:24+00:00","description":"Faro Futuro welcomes the New Fiera del Levante: in Bari from 14 October 2022! - Faro Futuro Coworking Bari","breadcrumb":{"@id":"https:\/\/www.farofuturo.it\/faro-futuro-da-il-benvenuto-alla-nuova-fiera-del-levante-a-bari-dal-14-ottobre-2022\/#breadcrumb"},"inLanguage":"en-GB","potentialAction":[{"@type":"ReadAction","target":["https:\/\/www.farofuturo.it\/faro-futuro-da-il-benvenuto-alla-nuova-fiera-del-levante-a-bari-dal-14-ottobre-2022\/"]}]},{"@type":"ImageObject","inLanguage":"en-GB","@id":"https:\/\/www.farofuturo.it\/faro-futuro-da-il-benvenuto-alla-nuova-fiera-del-levante-a-bari-dal-14-ottobre-2022\/#primaryimage","url":"https:\/\/www.farofuturo.it\/wp-content\/uploads\/2022\/10\/coworking-faro-futuro-fiera-levante.png","contentUrl":"https:\/\/www.farofuturo.it\/wp-content\/uploads\/2022\/10\/coworking-faro-futuro-fiera-levante.png","width":886,"height":590},{"@type":"BreadcrumbList","@id":"https:\/\/www.farofuturo.it\/faro-futuro-da-il-benvenuto-alla-nuova-fiera-del-levante-a-bari-dal-14-ottobre-2022\/#breadcrumb","itemListElement":[{"@type":"ListItem","position":1,"name":"Home","item":"https:\/\/www.farofuturo.it\/"},{"@type":"ListItem","position":2,"name":"Faro Futuro d\u00e0 il benvenuto alla Nuova Fiera del Levante: a Bari dal 14 ottobre 2022!"}]},{"@type":"WebSite","@id":"https:\/\/www.farofuturo.it\/#website","url":"https:\/\/www.farofuturo.it\/","name":"Future Lighthouse Bari","description":"The benchmark for professional coworking in Bari.","publisher":{"@id":"https:\/\/www.farofuturo.it\/#organization"},"alternateName":"Spazi di lavoro, uffici e coworking a Bari: tecnologia, comfort e flessibilit\u00e0 per il tuo business.","potentialAction":[{"@type":"SearchAction","target":{"@type":"EntryPoint","urlTemplate":"https:\/\/www.farofuturo.it\/?s={search_term_string}"},"query-input":{"@type":"PropertyValueSpecification","valueRequired":true,"valueName":"search_term_string"}}],"inLanguage":"en-GB"},{"@type":"Organization","@id":"https:\/\/www.farofuturo.it\/#organization","name":"Future Lighthouse Bari","alternateName":"Spazi di lavoro, uffici e coworking a Bari: tecnologia, comfort e flessibilit\u00e0 per il tuo business.","url":"https:\/\/www.farofuturo.it\/","logo":{"@type":"ImageObject","inLanguage":"en-GB","@id":"https:\/\/www.farofuturo.it\/#\/schema\/logo\/image\/","url":"https:\/\/www.farofuturo.it\/wp-content\/uploads\/2025\/10\/FARO-FUTURO-logo-colore-diffusione.png","contentUrl":"https:\/\/www.farofuturo.it\/wp-content\/uploads\/2025\/10\/FARO-FUTURO-logo-colore-diffusione.png","width":520,"height":520,"caption":"Faro Futuro Bari"},"image":{"@id":"https:\/\/www.farofuturo.it\/#\/schema\/logo\/image\/"},"sameAs":["https:\/\/www.facebook.com\/FaroFuturo"]},{"@type":"Person","@id":"https:\/\/www.farofuturo.it\/#\/schema\/person\/88f4f1ae602c652a22d183a62f2f1bf2","name":"Paul","sameAs":["https:\/\/www.farofuturo.it"]}]}},"_links":{"self":[{"href":"https:\/\/www.farofuturo.it\/en\/wp-json\/wp\/v2\/posts\/14978","targetHints":{"allow":["GET"]}}],"collection":[{"href":"https:\/\/www.farofuturo.it\/en\/wp-json\/wp\/v2\/posts"}],"about":[{"href":"https:\/\/www.farofuturo.it\/en\/wp-json\/wp\/v2\/types\/post"}],"author":[{"embeddable":true,"href":"https:\/\/www.farofuturo.it\/en\/wp-json\/wp\/v2\/users\/1"}],"replies":[{"embeddable":true,"href":"https:\/\/www.farofuturo.it\/en\/wp-json\/wp\/v2\/comments?post=14978"}],"version-history":[{"count":1,"href":"https:\/\/www.farofuturo.it\/en\/wp-json\/wp\/v2\/posts\/14978\/revisions"}],"predecessor-version":[{"id":15716,"href":"https:\/\/www.farofuturo.it\/en\/wp-json\/wp\/v2\/posts\/14978\/revisions\/15716"}],"wp:featuredmedia":[{"embeddable":true,"href":"https:\/\/www.farofuturo.it\/en\/wp-json\/wp\/v2\/media\/14979"}],"wp:attachment":[{"href":"https:\/\/www.farofuturo.it\/en\/wp-json\/wp\/v2\/media?parent=14978"}],"wp:term":[{"taxonomy":"category","embeddable":true,"href":"https:\/\/www.farofuturo.it\/en\/wp-json\/wp\/v2\/categories?post=14978"},{"taxonomy":"post_tag","embeddable":true,"href":"https:\/\/www.farofuturo.it\/en\/wp-json\/wp\/v2\/tags?post=14978"}],"curies":[{"name":"wp","href":"https:\/\/api.w.org\/{rel}","templated":true}]}}