{"id":177,"date":"2020-10-23T11:55:32","date_gmt":"2020-10-23T09:55:32","guid":{"rendered":"https:\/\/www.farofuturo.it\/?p=177"},"modified":"2020-10-23T11:55:32","modified_gmt":"2020-10-23T09:55:32","slug":"in-bari-smart-working-passes-for-future-beacon","status":"publish","type":"post","link":"https:\/\/www.farofuturo.it\/en\/a-bari-lo-smart-working-passa-per-faro-futuro\/","title":{"rendered":"Conversation with Giovanna Di Paola on the issues of remote working, in times of pandemic (and otherwise)."},"content":{"rendered":"<p>There are expressions, in the business community and the professional world in general, that seem to be brought about by fashions rather than by actual events.<\/p>\n\n\n\n<p>One of these, which we could translate as \u201csmart work\u201d, is \u201csmart working\u201d. <\/p>\n\n\n\n<p>But what are we really talking about?<\/p>\n\n\n\n<p>If there is anyone in the Puglia region, and in Bari in particular, who can tell us about it with knowledge and actual experience in the field, it is the Coworking Manager of the Faro Futuro space, located at 18 Via Massaua in Bari. <\/p>\n\n\n\n<p>It is indeed the case, in our opinion, to shed some light on the debate raging in all media, traditional and digital, on this subject. One wonders:<\/p>\n\n\n\n<p>Is smart working really smart?<\/p>\n\n\n\n<p>Is this something that is here to stay, or is it a passing fad?<\/p>\n\n\n\n<p>And anyway: what are the issues that - beyond the simplifying labels - touch the daily agendas of professionals these days?<\/p>\n\n\n\n<p>It is clear that the topic fully involves Co-working Spaces, and here we enter the field of direct experience of Giiovanna Di Paola, who has been involved full-time, since before its opening, in the management of Faro Futuro.<\/p>\n\n\n\n<p>Thank you Giovanna for your time and your answers! <\/p>\n\n\n\n<p>Faro Futuro - Giovanna: How do you say Smart Working in Bari? <\/p>\n\n\n\n<p>G. Di Paola - (He smiles) In our Coworking Space we try to speak all languages, including Bari... but not only \ud83d\ude42 \ud83d\ude42<\/p>\n\n\n\n<p>The important thing is to be able to speak the language that professionals and businesses speak today, and I can guarantee that nobody pays much attention to catchphrases. <\/p>\n\n\n\n<p>Concreteness, professionalism and service are the concepts we are asked for every day, and this is what we work on.<\/p>\n\n\n\n<p>It is true, however, that there is increasing attention to the issues of remote working, we can confirm this.<\/p>\n\n\n\n<p>Future Lighthouse - And has the local professional community understood your message, your proposal?<\/p>\n\n\n\n<p>G. Di Paola - We are pleased to be able to say that yes, the professional community has fully taken on board and - even in pandemic times - we have so many requests that at times we struggle to process them. <\/p>\n\n\n\n<p>Faro Futuro - What are Faro Futuro's proposals for those who - between quarantines, lockdowns and zones of various colours - often find themselves working from the home office (when there is one, otherwise it's the kitchen, the living room, the bedroom) during these months?<\/p>\n\n\n\n<p>G. Di Paola - Here at Faro Futuro we have all kinds of solutions, articulated in fully sustainable proposals, ranging from very short-term to medium- and long-term use. <\/p>\n\n\n\n<p>Our prices are also geared towards maximum cost\/benefit ratio. I suggest giving it a try: working in a professional environment can really make a difference.<\/p>\n\n\n\n<p>Future Lighthouse - Everyone resorts to video conversations, it is a constant in our days. Do you think this is a good idea?<\/p>\n\n\n\n<p>G. Di Paola - Yes, it certainly is, but the working environment, services such as internet connection, the elements of a professional workstation, not to mention the ability to concentrate... all this is not solved by calls on Zoom, Meet, Skype!<\/p>\n\n\n\n<p>Future Lighthouse - What is the basic idea of Future Lighthouse in all this? <\/p>\n\n\n\n<p>G. Di Paola - Our basic idea is and remains to offer the best of the best in terms of structure, services and networking to the professional and economic ecosystem of our city and region. <\/p>\n\n\n\n<p>And not only that, I might add, as we have more and more users from all over Italy as well!<\/p>","protected":false},"excerpt":{"rendered":"<p>Ci sono espressioni, nella business community e nel mondo professionale in genere, che sembrano portate dalle mode, pi\u00f9 che dagli eventi veri e propri. Una di queste, che potremmo tradurre con &#8220;lavoro intelligente&#8221; \u00e8 appunto &#8220;smart working&#8221;. Ma di cosa stiamo parlando, veramente? Se c&#8217;\u00e8 qualcuno, sul territorio pugliese e in particolare a Bari, che [&hellip;]<\/p>\n","protected":false},"author":1,"featured_media":13537,"comment_status":"closed","ping_status":"closed","sticky":false,"template":"","format":"standard","meta":{"footnotes":""},"categories":[19,17],"tags":[],"class_list":["post-177","post","type-post","status-publish","format-standard","has-post-thumbnail","hentry","category-eventi","category-news"],"blocksy_meta":[],"yoast_head":"<!-- This site is optimized with the Yoast SEO plugin v27.4 - https:\/\/yoast.com\/product\/yoast-seo-wordpress\/ -->\n<title>Conversazione con G. Di Paola | Faro Futuro<\/title>\n<meta name=\"description\" content=\"Conversazione con Giovanna Di Paola sui temi del lavoro da remoto, in tempi di pandemia (e non). Grazie Giovanna!\" \/>\n<meta name=\"robots\" content=\"index, follow, max-snippet:-1, max-image-preview:large, max-video-preview:-1\" \/>\n<link rel=\"canonical\" href=\"https:\/\/www.farofuturo.it\/en\/in-bari-smart-working-passes-for-future-beacon\/\" \/>\n<meta property=\"og:locale\" content=\"en_GB\" \/>\n<meta property=\"og:type\" content=\"article\" \/>\n<meta property=\"og:title\" content=\"Conversazione con G. Di Paola | Faro Futuro\" \/>\n<meta property=\"og:description\" content=\"Conversazione con Giovanna Di Paola sui temi del lavoro da remoto, in tempi di pandemia (e non). Grazie Giovanna!\" \/>\n<meta property=\"og:url\" content=\"https:\/\/www.farofuturo.it\/en\/in-bari-smart-working-passes-for-future-beacon\/\" \/>\n<meta property=\"og:site_name\" content=\"Faro Futuro Coworking Bari\" \/>\n<meta property=\"article:publisher\" content=\"https:\/\/www.facebook.com\/FaroFuturo\" \/>\n<meta property=\"article:published_time\" content=\"2020-10-23T09:55:32+00:00\" \/>\n<meta property=\"og:image\" content=\"https:\/\/www.farofuturo.it\/wp-content\/uploads\/2020\/01\/farofuturo-Giovanna_DiPaola.jpg\" \/>\n\t<meta property=\"og:image:width\" content=\"750\" \/>\n\t<meta property=\"og:image:height\" content=\"420\" \/>\n\t<meta property=\"og:image:type\" content=\"image\/jpeg\" \/>\n<meta name=\"author\" content=\"Paolo\" \/>\n<meta name=\"twitter:card\" content=\"summary_large_image\" \/>\n<meta name=\"twitter:label1\" content=\"Written by\" \/>\n\t<meta name=\"twitter:data1\" content=\"Paolo\" \/>\n\t<meta name=\"twitter:label2\" content=\"Estimated reading time\" \/>\n\t<meta name=\"twitter:data2\" content=\"3 minutes\" \/>\n<script type=\"application\/ld+json\" class=\"yoast-schema-graph\">{\"@context\":\"https:\\\/\\\/schema.org\",\"@graph\":[{\"@type\":\"Article\",\"@id\":\"https:\\\/\\\/www.farofuturo.it\\\/a-bari-lo-smart-working-passa-per-faro-futuro\\\/#article\",\"isPartOf\":{\"@id\":\"https:\\\/\\\/www.farofuturo.it\\\/a-bari-lo-smart-working-passa-per-faro-futuro\\\/\"},\"author\":{\"name\":\"Paolo\",\"@id\":\"https:\\\/\\\/www.farofuturo.it\\\/#\\\/schema\\\/person\\\/88f4f1ae602c652a22d183a62f2f1bf2\"},\"headline\":\"Conversazione con Giovanna Di Paola sui temi del lavoro da remoto, in tempi di pandemia (e non).\",\"datePublished\":\"2020-10-23T09:55:32+00:00\",\"mainEntityOfPage\":{\"@id\":\"https:\\\/\\\/www.farofuturo.it\\\/a-bari-lo-smart-working-passa-per-faro-futuro\\\/\"},\"wordCount\":583,\"publisher\":{\"@id\":\"https:\\\/\\\/www.farofuturo.it\\\/#organization\"},\"image\":{\"@id\":\"https:\\\/\\\/www.farofuturo.it\\\/a-bari-lo-smart-working-passa-per-faro-futuro\\\/#primaryimage\"},\"thumbnailUrl\":\"https:\\\/\\\/www.farofuturo.it\\\/wp-content\\\/uploads\\\/2020\\\/01\\\/farofuturo-Giovanna_DiPaola.jpg\",\"articleSection\":[\"Eventi\",\"News\"],\"inLanguage\":\"en-GB\"},{\"@type\":\"WebPage\",\"@id\":\"https:\\\/\\\/www.farofuturo.it\\\/a-bari-lo-smart-working-passa-per-faro-futuro\\\/\",\"url\":\"https:\\\/\\\/www.farofuturo.it\\\/a-bari-lo-smart-working-passa-per-faro-futuro\\\/\",\"name\":\"Conversazione con G. Di Paola | Faro Futuro\",\"isPartOf\":{\"@id\":\"https:\\\/\\\/www.farofuturo.it\\\/#website\"},\"primaryImageOfPage\":{\"@id\":\"https:\\\/\\\/www.farofuturo.it\\\/a-bari-lo-smart-working-passa-per-faro-futuro\\\/#primaryimage\"},\"image\":{\"@id\":\"https:\\\/\\\/www.farofuturo.it\\\/a-bari-lo-smart-working-passa-per-faro-futuro\\\/#primaryimage\"},\"thumbnailUrl\":\"https:\\\/\\\/www.farofuturo.it\\\/wp-content\\\/uploads\\\/2020\\\/01\\\/farofuturo-Giovanna_DiPaola.jpg\",\"datePublished\":\"2020-10-23T09:55:32+00:00\",\"description\":\"Conversazione con Giovanna Di Paola sui temi del lavoro da remoto, in tempi di pandemia (e non). Grazie Giovanna!\",\"breadcrumb\":{\"@id\":\"https:\\\/\\\/www.farofuturo.it\\\/a-bari-lo-smart-working-passa-per-faro-futuro\\\/#breadcrumb\"},\"inLanguage\":\"en-GB\",\"potentialAction\":[{\"@type\":\"ReadAction\",\"target\":[\"https:\\\/\\\/www.farofuturo.it\\\/a-bari-lo-smart-working-passa-per-faro-futuro\\\/\"]}]},{\"@type\":\"ImageObject\",\"inLanguage\":\"en-GB\",\"@id\":\"https:\\\/\\\/www.farofuturo.it\\\/a-bari-lo-smart-working-passa-per-faro-futuro\\\/#primaryimage\",\"url\":\"https:\\\/\\\/www.farofuturo.it\\\/wp-content\\\/uploads\\\/2020\\\/01\\\/farofuturo-Giovanna_DiPaola.jpg\",\"contentUrl\":\"https:\\\/\\\/www.farofuturo.it\\\/wp-content\\\/uploads\\\/2020\\\/01\\\/farofuturo-Giovanna_DiPaola.jpg\",\"width\":750,\"height\":420},{\"@type\":\"BreadcrumbList\",\"@id\":\"https:\\\/\\\/www.farofuturo.it\\\/a-bari-lo-smart-working-passa-per-faro-futuro\\\/#breadcrumb\",\"itemListElement\":[{\"@type\":\"ListItem\",\"position\":1,\"name\":\"Home\",\"item\":\"https:\\\/\\\/www.farofuturo.it\\\/\"},{\"@type\":\"ListItem\",\"position\":2,\"name\":\"Conversazione con Giovanna Di Paola sui temi del lavoro da remoto, in tempi di pandemia (e non).\"}]},{\"@type\":\"WebSite\",\"@id\":\"https:\\\/\\\/www.farofuturo.it\\\/#website\",\"url\":\"https:\\\/\\\/www.farofuturo.it\\\/\",\"name\":\"Faro Futuro Bari\",\"description\":\"Il punto di riferimento per il coworking professionale a Bari.\",\"publisher\":{\"@id\":\"https:\\\/\\\/www.farofuturo.it\\\/#organization\"},\"alternateName\":\"Spazi di lavoro, uffici e coworking a Bari: tecnologia, comfort e flessibilit\u00e0 per il tuo business.\",\"potentialAction\":[{\"@type\":\"SearchAction\",\"target\":{\"@type\":\"EntryPoint\",\"urlTemplate\":\"https:\\\/\\\/www.farofuturo.it\\\/?s={search_term_string}\"},\"query-input\":{\"@type\":\"PropertyValueSpecification\",\"valueRequired\":true,\"valueName\":\"search_term_string\"}}],\"inLanguage\":\"en-GB\"},{\"@type\":\"Organization\",\"@id\":\"https:\\\/\\\/www.farofuturo.it\\\/#organization\",\"name\":\"Faro Futuro Bari\",\"alternateName\":\"Spazi di lavoro, uffici e coworking a Bari: tecnologia, comfort e flessibilit\u00e0 per il tuo business.\",\"url\":\"https:\\\/\\\/www.farofuturo.it\\\/\",\"logo\":{\"@type\":\"ImageObject\",\"inLanguage\":\"en-GB\",\"@id\":\"https:\\\/\\\/www.farofuturo.it\\\/#\\\/schema\\\/logo\\\/image\\\/\",\"url\":\"https:\\\/\\\/www.farofuturo.it\\\/wp-content\\\/uploads\\\/2025\\\/10\\\/FARO-FUTURO-logo-colore-diffusione.png\",\"contentUrl\":\"https:\\\/\\\/www.farofuturo.it\\\/wp-content\\\/uploads\\\/2025\\\/10\\\/FARO-FUTURO-logo-colore-diffusione.png\",\"width\":520,\"height\":520,\"caption\":\"Faro Futuro Bari\"},\"image\":{\"@id\":\"https:\\\/\\\/www.farofuturo.it\\\/#\\\/schema\\\/logo\\\/image\\\/\"},\"sameAs\":[\"https:\\\/\\\/www.facebook.com\\\/FaroFuturo\"]},{\"@type\":\"Person\",\"@id\":\"https:\\\/\\\/www.farofuturo.it\\\/#\\\/schema\\\/person\\\/88f4f1ae602c652a22d183a62f2f1bf2\",\"name\":\"Paolo\",\"sameAs\":[\"https:\\\/\\\/www.farofuturo.it\"]}]}<\/script>\n<!-- \/ Yoast SEO plugin. -->","yoast_head_json":{"title":"Conversation with G. Di Paola | Future Lighthouse","description":"Conversation with Giovanna Di Paola on the issues of remote working, in times of pandemic (and otherwise). Thank you Giovanna!","robots":{"index":"index","follow":"follow","max-snippet":"max-snippet:-1","max-image-preview":"max-image-preview:large","max-video-preview":"max-video-preview:-1"},"canonical":"https:\/\/www.farofuturo.it\/en\/in-bari-smart-working-passes-for-future-beacon\/","og_locale":"en_GB","og_type":"article","og_title":"Conversazione con G. Di Paola | Faro Futuro","og_description":"Conversazione con Giovanna Di Paola sui temi del lavoro da remoto, in tempi di pandemia (e non). Grazie Giovanna!","og_url":"https:\/\/www.farofuturo.it\/en\/in-bari-smart-working-passes-for-future-beacon\/","og_site_name":"Faro Futuro Coworking Bari","article_publisher":"https:\/\/www.facebook.com\/FaroFuturo","article_published_time":"2020-10-23T09:55:32+00:00","og_image":[{"width":750,"height":420,"url":"https:\/\/www.farofuturo.it\/wp-content\/uploads\/2020\/01\/farofuturo-Giovanna_DiPaola.jpg","type":"image\/jpeg"}],"author":"Paolo","twitter_card":"summary_large_image","twitter_misc":{"Written by":"Paolo","Estimated reading time":"3 minutes"},"schema":{"@context":"https:\/\/schema.org","@graph":[{"@type":"Article","@id":"https:\/\/www.farofuturo.it\/a-bari-lo-smart-working-passa-per-faro-futuro\/#article","isPartOf":{"@id":"https:\/\/www.farofuturo.it\/a-bari-lo-smart-working-passa-per-faro-futuro\/"},"author":{"name":"Paolo","@id":"https:\/\/www.farofuturo.it\/#\/schema\/person\/88f4f1ae602c652a22d183a62f2f1bf2"},"headline":"Conversazione con Giovanna Di Paola sui temi del lavoro da remoto, in tempi di pandemia (e non).","datePublished":"2020-10-23T09:55:32+00:00","mainEntityOfPage":{"@id":"https:\/\/www.farofuturo.it\/a-bari-lo-smart-working-passa-per-faro-futuro\/"},"wordCount":583,"publisher":{"@id":"https:\/\/www.farofuturo.it\/#organization"},"image":{"@id":"https:\/\/www.farofuturo.it\/a-bari-lo-smart-working-passa-per-faro-futuro\/#primaryimage"},"thumbnailUrl":"https:\/\/www.farofuturo.it\/wp-content\/uploads\/2020\/01\/farofuturo-Giovanna_DiPaola.jpg","articleSection":["Eventi","News"],"inLanguage":"en-GB"},{"@type":"WebPage","@id":"https:\/\/www.farofuturo.it\/a-bari-lo-smart-working-passa-per-faro-futuro\/","url":"https:\/\/www.farofuturo.it\/a-bari-lo-smart-working-passa-per-faro-futuro\/","name":"Conversation with G. Di Paola | Future Lighthouse","isPartOf":{"@id":"https:\/\/www.farofuturo.it\/#website"},"primaryImageOfPage":{"@id":"https:\/\/www.farofuturo.it\/a-bari-lo-smart-working-passa-per-faro-futuro\/#primaryimage"},"image":{"@id":"https:\/\/www.farofuturo.it\/a-bari-lo-smart-working-passa-per-faro-futuro\/#primaryimage"},"thumbnailUrl":"https:\/\/www.farofuturo.it\/wp-content\/uploads\/2020\/01\/farofuturo-Giovanna_DiPaola.jpg","datePublished":"2020-10-23T09:55:32+00:00","description":"Conversation with Giovanna Di Paola on the issues of remote working, in times of pandemic (and otherwise). Thank you Giovanna!","breadcrumb":{"@id":"https:\/\/www.farofuturo.it\/a-bari-lo-smart-working-passa-per-faro-futuro\/#breadcrumb"},"inLanguage":"en-GB","potentialAction":[{"@type":"ReadAction","target":["https:\/\/www.farofuturo.it\/a-bari-lo-smart-working-passa-per-faro-futuro\/"]}]},{"@type":"ImageObject","inLanguage":"en-GB","@id":"https:\/\/www.farofuturo.it\/a-bari-lo-smart-working-passa-per-faro-futuro\/#primaryimage","url":"https:\/\/www.farofuturo.it\/wp-content\/uploads\/2020\/01\/farofuturo-Giovanna_DiPaola.jpg","contentUrl":"https:\/\/www.farofuturo.it\/wp-content\/uploads\/2020\/01\/farofuturo-Giovanna_DiPaola.jpg","width":750,"height":420},{"@type":"BreadcrumbList","@id":"https:\/\/www.farofuturo.it\/a-bari-lo-smart-working-passa-per-faro-futuro\/#breadcrumb","itemListElement":[{"@type":"ListItem","position":1,"name":"Home","item":"https:\/\/www.farofuturo.it\/"},{"@type":"ListItem","position":2,"name":"Conversazione con Giovanna Di Paola sui temi del lavoro da remoto, in tempi di pandemia (e non)."}]},{"@type":"WebSite","@id":"https:\/\/www.farofuturo.it\/#website","url":"https:\/\/www.farofuturo.it\/","name":"Future Lighthouse Bari","description":"The benchmark for professional coworking in Bari.","publisher":{"@id":"https:\/\/www.farofuturo.it\/#organization"},"alternateName":"Spazi di lavoro, uffici e coworking a Bari: tecnologia, comfort e flessibilit\u00e0 per il tuo business.","potentialAction":[{"@type":"SearchAction","target":{"@type":"EntryPoint","urlTemplate":"https:\/\/www.farofuturo.it\/?s={search_term_string}"},"query-input":{"@type":"PropertyValueSpecification","valueRequired":true,"valueName":"search_term_string"}}],"inLanguage":"en-GB"},{"@type":"Organization","@id":"https:\/\/www.farofuturo.it\/#organization","name":"Future Lighthouse Bari","alternateName":"Spazi di lavoro, uffici e coworking a Bari: tecnologia, comfort e flessibilit\u00e0 per il tuo business.","url":"https:\/\/www.farofuturo.it\/","logo":{"@type":"ImageObject","inLanguage":"en-GB","@id":"https:\/\/www.farofuturo.it\/#\/schema\/logo\/image\/","url":"https:\/\/www.farofuturo.it\/wp-content\/uploads\/2025\/10\/FARO-FUTURO-logo-colore-diffusione.png","contentUrl":"https:\/\/www.farofuturo.it\/wp-content\/uploads\/2025\/10\/FARO-FUTURO-logo-colore-diffusione.png","width":520,"height":520,"caption":"Faro Futuro Bari"},"image":{"@id":"https:\/\/www.farofuturo.it\/#\/schema\/logo\/image\/"},"sameAs":["https:\/\/www.facebook.com\/FaroFuturo"]},{"@type":"Person","@id":"https:\/\/www.farofuturo.it\/#\/schema\/person\/88f4f1ae602c652a22d183a62f2f1bf2","name":"Paul","sameAs":["https:\/\/www.farofuturo.it"]}]}},"_links":{"self":[{"href":"https:\/\/www.farofuturo.it\/en\/wp-json\/wp\/v2\/posts\/177","targetHints":{"allow":["GET"]}}],"collection":[{"href":"https:\/\/www.farofuturo.it\/en\/wp-json\/wp\/v2\/posts"}],"about":[{"href":"https:\/\/www.farofuturo.it\/en\/wp-json\/wp\/v2\/types\/post"}],"author":[{"embeddable":true,"href":"https:\/\/www.farofuturo.it\/en\/wp-json\/wp\/v2\/users\/1"}],"replies":[{"embeddable":true,"href":"https:\/\/www.farofuturo.it\/en\/wp-json\/wp\/v2\/comments?post=177"}],"version-history":[{"count":0,"href":"https:\/\/www.farofuturo.it\/en\/wp-json\/wp\/v2\/posts\/177\/revisions"}],"wp:featuredmedia":[{"embeddable":true,"href":"https:\/\/www.farofuturo.it\/en\/wp-json\/wp\/v2\/media\/13537"}],"wp:attachment":[{"href":"https:\/\/www.farofuturo.it\/en\/wp-json\/wp\/v2\/media?parent=177"}],"wp:term":[{"taxonomy":"category","embeddable":true,"href":"https:\/\/www.farofuturo.it\/en\/wp-json\/wp\/v2\/categories?post=177"},{"taxonomy":"post_tag","embeddable":true,"href":"https:\/\/www.farofuturo.it\/en\/wp-json\/wp\/v2\/tags?post=177"}],"curies":[{"name":"wp","href":"https:\/\/api.w.org\/{rel}","templated":true}]}}